{"id":599,"date":"2025-09-06T08:31:33","date_gmt":"2025-09-06T06:31:33","guid":{"rendered":"https:\/\/storborgarn.se\/jaktlag\/?p=599"},"modified":"2025-09-10T06:55:14","modified_gmt":"2025-09-10T04:55:14","slug":"lordag-6-9-2025","status":"publish","type":"post","link":"https:\/\/storborgarn.se\/jaktlag\/lordag-6-9-2025\/","title":{"rendered":"L\u00f6rdag 6\/9 2025"},"content":{"rendered":"\n<p>Idag jagar vi p\u00e5 de s\u00f6dra delarna, fj\u00e4llskogen o f\u00e4lltjalslia. +13 dimmigt n\u00e4stan vindstilla. Jag \u201dsitter mella liern\u201d\ud83d\ude00<\/p>\n\n\n\n<figure class=\"wp-block-image size-large\"><img loading=\"lazy\" decoding=\"async\" width=\"1024\" height=\"768\" src=\"https:\/\/storborgarn.se\/jaktlag\/wp-content\/uploads\/sites\/2\/2025\/09\/img_6831-1024x768.jpg\" alt=\"\" class=\"wp-image-644\" srcset=\"https:\/\/storborgarn.se\/jaktlag\/wp-content\/uploads\/sites\/2\/2025\/09\/img_6831-1024x768.jpg 1024w, https:\/\/storborgarn.se\/jaktlag\/wp-content\/uploads\/sites\/2\/2025\/09\/img_6831-300x225.jpg 300w, https:\/\/storborgarn.se\/jaktlag\/wp-content\/uploads\/sites\/2\/2025\/09\/img_6831-768x576.jpg 768w, https:\/\/storborgarn.se\/jaktlag\/wp-content\/uploads\/sites\/2\/2025\/09\/img_6831-1536x1152.jpg 1536w, https:\/\/storborgarn.se\/jaktlag\/wp-content\/uploads\/sites\/2\/2025\/09\/img_6831-400x300.jpg 400w, https:\/\/storborgarn.se\/jaktlag\/wp-content\/uploads\/sites\/2\/2025\/09\/img_6831.jpg 2000w\" sizes=\"auto, (max-width: 1024px) 100vw, 1024px\" \/><\/figure>\n","protected":false},"excerpt":{"rendered":"<p>Idag jagar vi p\u00e5 de s\u00f6dra delarna, fj\u00e4llskogen o f\u00e4lltjalslia. +13 dimmigt n\u00e4stan vindstilla. Jag \u201dsitter mella liern\u201d\ud83d\ude00<\/p>\n","protected":false},"author":3,"featured_media":0,"comment_status":"closed","ping_status":"closed","sticky":false,"template":"","format":"standard","meta":{"footnotes":""},"categories":[1],"tags":[],"class_list":["post-599","post","type-post","status-publish","format-standard","hentry","category-okategoriserade"],"_links":{"self":[{"href":"https:\/\/storborgarn.se\/jaktlag\/wp-json\/wp\/v2\/posts\/599","targetHints":{"allow":["GET"]}}],"collection":[{"href":"https:\/\/storborgarn.se\/jaktlag\/wp-json\/wp\/v2\/posts"}],"about":[{"href":"https:\/\/storborgarn.se\/jaktlag\/wp-json\/wp\/v2\/types\/post"}],"author":[{"embeddable":true,"href":"https:\/\/storborgarn.se\/jaktlag\/wp-json\/wp\/v2\/users\/3"}],"replies":[{"embeddable":true,"href":"https:\/\/storborgarn.se\/jaktlag\/wp-json\/wp\/v2\/comments?post=599"}],"version-history":[{"count":3,"href":"https:\/\/storborgarn.se\/jaktlag\/wp-json\/wp\/v2\/posts\/599\/revisions"}],"predecessor-version":[{"id":646,"href":"https:\/\/storborgarn.se\/jaktlag\/wp-json\/wp\/v2\/posts\/599\/revisions\/646"}],"wp:attachment":[{"href":"https:\/\/storborgarn.se\/jaktlag\/wp-json\/wp\/v2\/media?parent=599"}],"wp:term":[{"taxonomy":"category","embeddable":true,"href":"https:\/\/storborgarn.se\/jaktlag\/wp-json\/wp\/v2\/categories?post=599"},{"taxonomy":"post_tag","embeddable":true,"href":"https:\/\/storborgarn.se\/jaktlag\/wp-json\/wp\/v2\/tags?post=599"}],"curies":[{"name":"wp","href":"https:\/\/api.w.org\/{rel}","templated":true}]}}